{"id":619,"date":"2022-06-19T19:01:52","date_gmt":"2022-06-19T17:01:52","guid":{"rendered":"http:\/\/usykarate.fr\/?p=619"},"modified":"2022-06-19T19:03:51","modified_gmt":"2022-06-19T17:03:51","slug":"les-ceintures-noires-decembre-2021","status":"publish","type":"post","link":"https:\/\/usykarate.fr\/index.php\/2022\/06\/19\/les-ceintures-noires-decembre-2021\/","title":{"rendered":"Les ceintures noires &#8211; d\u00e9cembre 2021"},"content":{"rendered":"\n<p>Bravo \u00e0 St\u00e9phane pour son 2\u00e8me Dan et Kylian pour son 1er Dan. Nous sommes fi\u00e8res de vous !<\/p>\n\n\n\n<figure class=\"wp-block-gallery columns-3 is-cropped wp-block-gallery-1 is-layout-flex wp-block-gallery-is-layout-flex\"><ul class=\"blocks-gallery-grid\"><li class=\"blocks-gallery-item\"><figure><img loading=\"lazy\" decoding=\"async\" width=\"819\" height=\"1024\" src=\"https:\/\/usykarate.fr\/wp-content\/uploads\/2022\/06\/2eme-dan-Stephane-decembre-2021-819x1024.jpg\" alt=\"\" data-id=\"620\" data-full-url=\"https:\/\/usykarate.fr\/wp-content\/uploads\/2022\/06\/2eme-dan-Stephane-decembre-2021.jpg\" data-link=\"https:\/\/usykarate.fr\/?attachment_id=620\" class=\"wp-image-620\" srcset=\"https:\/\/usykarate.fr\/wp-content\/uploads\/2022\/06\/2eme-dan-Stephane-decembre-2021-819x1024.jpg 819w, https:\/\/usykarate.fr\/wp-content\/uploads\/2022\/06\/2eme-dan-Stephane-decembre-2021-240x300.jpg 240w, https:\/\/usykarate.fr\/wp-content\/uploads\/2022\/06\/2eme-dan-Stephane-decembre-2021-768x960.jpg 768w, https:\/\/usykarate.fr\/wp-content\/uploads\/2022\/06\/2eme-dan-Stephane-decembre-2021-1229x1536.jpg 1229w, https:\/\/usykarate.fr\/wp-content\/uploads\/2022\/06\/2eme-dan-Stephane-decembre-2021.jpg 1440w\" sizes=\"auto, (max-width: 819px) 100vw, 819px\" \/><\/figure><\/li><li class=\"blocks-gallery-item\"><figure><img loading=\"lazy\" decoding=\"async\" width=\"819\" height=\"1024\" src=\"https:\/\/usykarate.fr\/wp-content\/uploads\/2022\/06\/2eme-dan-Stephane-decembre-2021-1-819x1024.jpg\" alt=\"\" data-id=\"621\" data-full-url=\"https:\/\/usykarate.fr\/wp-content\/uploads\/2022\/06\/2eme-dan-Stephane-decembre-2021-1.jpg\" data-link=\"https:\/\/usykarate.fr\/?attachment_id=621\" class=\"wp-image-621\" srcset=\"https:\/\/usykarate.fr\/wp-content\/uploads\/2022\/06\/2eme-dan-Stephane-decembre-2021-1-819x1024.jpg 819w, https:\/\/usykarate.fr\/wp-content\/uploads\/2022\/06\/2eme-dan-Stephane-decembre-2021-1-240x300.jpg 240w, https:\/\/usykarate.fr\/wp-content\/uploads\/2022\/06\/2eme-dan-Stephane-decembre-2021-1-768x960.jpg 768w, https:\/\/usykarate.fr\/wp-content\/uploads\/2022\/06\/2eme-dan-Stephane-decembre-2021-1-1229x1536.jpg 1229w, https:\/\/usykarate.fr\/wp-content\/uploads\/2022\/06\/2eme-dan-Stephane-decembre-2021-1.jpg 1440w\" sizes=\"auto, (max-width: 819px) 100vw, 819px\" \/><figcaption class=\"blocks-gallery-item__caption\">St\u00e9phane &#8211; 2\u00e8me Dan<\/figcaption><\/figure><\/li><li class=\"blocks-gallery-item\"><figure><img loading=\"lazy\" decoding=\"async\" width=\"821\" height=\"1024\" src=\"https:\/\/usykarate.fr\/wp-content\/uploads\/2022\/06\/Kylian-2eme-dan-decembre-2021-821x1024.jpg\" alt=\"\" data-id=\"622\" data-full-url=\"https:\/\/usykarate.fr\/wp-content\/uploads\/2022\/06\/Kylian-2eme-dan-decembre-2021.jpg\" data-link=\"https:\/\/usykarate.fr\/?attachment_id=622\" class=\"wp-image-622\" srcset=\"https:\/\/usykarate.fr\/wp-content\/uploads\/2022\/06\/Kylian-2eme-dan-decembre-2021-821x1024.jpg 821w, https:\/\/usykarate.fr\/wp-content\/uploads\/2022\/06\/Kylian-2eme-dan-decembre-2021-241x300.jpg 241w, https:\/\/usykarate.fr\/wp-content\/uploads\/2022\/06\/Kylian-2eme-dan-decembre-2021-768x957.jpg 768w, https:\/\/usykarate.fr\/wp-content\/uploads\/2022\/06\/Kylian-2eme-dan-decembre-2021-1232x1536.jpg 1232w, https:\/\/usykarate.fr\/wp-content\/uploads\/2022\/06\/Kylian-2eme-dan-decembre-2021.jpg 1440w\" sizes=\"auto, (max-width: 821px) 100vw, 821px\" \/><\/figure><\/li><li class=\"blocks-gallery-item\"><figure><img loading=\"lazy\" decoding=\"async\" width=\"819\" height=\"1024\" src=\"https:\/\/usykarate.fr\/wp-content\/uploads\/2022\/06\/Kylian-1er-dan-decembre-2021-819x1024.jpg\" alt=\"\" data-id=\"623\" data-full-url=\"https:\/\/usykarate.fr\/wp-content\/uploads\/2022\/06\/Kylian-1er-dan-decembre-2021.jpg\" data-link=\"https:\/\/usykarate.fr\/?attachment_id=623\" class=\"wp-image-623\" srcset=\"https:\/\/usykarate.fr\/wp-content\/uploads\/2022\/06\/Kylian-1er-dan-decembre-2021-819x1024.jpg 819w, https:\/\/usykarate.fr\/wp-content\/uploads\/2022\/06\/Kylian-1er-dan-decembre-2021-240x300.jpg 240w, https:\/\/usykarate.fr\/wp-content\/uploads\/2022\/06\/Kylian-1er-dan-decembre-2021-768x960.jpg 768w, https:\/\/usykarate.fr\/wp-content\/uploads\/2022\/06\/Kylian-1er-dan-decembre-2021-1229x1536.jpg 1229w, https:\/\/usykarate.fr\/wp-content\/uploads\/2022\/06\/Kylian-1er-dan-decembre-2021.jpg 1440w\" sizes=\"auto, (max-width: 819px) 100vw, 819px\" \/><figcaption class=\"blocks-gallery-item__caption\">Kylian &#8211; 1er Dan<\/figcaption><\/figure><\/li><li class=\"blocks-gallery-item\"><figure><img loading=\"lazy\" decoding=\"async\" width=\"821\" height=\"1024\" src=\"https:\/\/usykarate.fr\/wp-content\/uploads\/2022\/06\/Remise-de-ceinture-1er-Dan-Kylian-decembre-2021-821x1024.jpg\" alt=\"\" data-id=\"624\" data-full-url=\"https:\/\/usykarate.fr\/wp-content\/uploads\/2022\/06\/Remise-de-ceinture-1er-Dan-Kylian-decembre-2021.jpg\" data-link=\"https:\/\/usykarate.fr\/?attachment_id=624\" class=\"wp-image-624\" srcset=\"https:\/\/usykarate.fr\/wp-content\/uploads\/2022\/06\/Remise-de-ceinture-1er-Dan-Kylian-decembre-2021-821x1024.jpg 821w, https:\/\/usykarate.fr\/wp-content\/uploads\/2022\/06\/Remise-de-ceinture-1er-Dan-Kylian-decembre-2021-241x300.jpg 241w, https:\/\/usykarate.fr\/wp-content\/uploads\/2022\/06\/Remise-de-ceinture-1er-Dan-Kylian-decembre-2021-768x957.jpg 768w, https:\/\/usykarate.fr\/wp-content\/uploads\/2022\/06\/Remise-de-ceinture-1er-Dan-Kylian-decembre-2021-1232x1536.jpg 1232w, https:\/\/usykarate.fr\/wp-content\/uploads\/2022\/06\/Remise-de-ceinture-1er-Dan-Kylian-decembre-2021.jpg 1440w\" sizes=\"auto, (max-width: 821px) 100vw, 821px\" \/><\/figure><\/li><li class=\"blocks-gallery-item\"><figure><img loading=\"lazy\" decoding=\"async\" width=\"819\" height=\"1024\" src=\"https:\/\/usykarate.fr\/wp-content\/uploads\/2022\/06\/Remise-de-ceinture-2eme-dan-Stephane-decembre-2021-819x1024.jpg\" alt=\"\" data-id=\"625\" data-full-url=\"https:\/\/usykarate.fr\/wp-content\/uploads\/2022\/06\/Remise-de-ceinture-2eme-dan-Stephane-decembre-2021.jpg\" data-link=\"https:\/\/usykarate.fr\/?attachment_id=625\" class=\"wp-image-625\" srcset=\"https:\/\/usykarate.fr\/wp-content\/uploads\/2022\/06\/Remise-de-ceinture-2eme-dan-Stephane-decembre-2021-819x1024.jpg 819w, https:\/\/usykarate.fr\/wp-content\/uploads\/2022\/06\/Remise-de-ceinture-2eme-dan-Stephane-decembre-2021-240x300.jpg 240w, https:\/\/usykarate.fr\/wp-content\/uploads\/2022\/06\/Remise-de-ceinture-2eme-dan-Stephane-decembre-2021-768x960.jpg 768w, https:\/\/usykarate.fr\/wp-content\/uploads\/2022\/06\/Remise-de-ceinture-2eme-dan-Stephane-decembre-2021-1229x1536.jpg 1229w, https:\/\/usykarate.fr\/wp-content\/uploads\/2022\/06\/Remise-de-ceinture-2eme-dan-Stephane-decembre-2021.jpg 1440w\" sizes=\"auto, (max-width: 819px) 100vw, 819px\" \/><\/figure><\/li><\/ul><\/figure>\n","protected":false},"excerpt":{"rendered":"<p>Bravo \u00e0 St\u00e9phane pour son 2\u00e8me Dan et Kylian pour son 1er Dan. Nous sommes fi\u00e8res de vous !<\/p>\n","protected":false},"author":2,"featured_media":627,"comment_status":"open","ping_status":"open","sticky":false,"template":"","format":"standard","meta":{"footnotes":""},"categories":[20],"tags":[],"class_list":["post-619","post","type-post","status-publish","format-standard","has-post-thumbnail","hentry","category-ceintures-noires"],"_links":{"self":[{"href":"https:\/\/usykarate.fr\/index.php\/wp-json\/wp\/v2\/posts\/619","targetHints":{"allow":["GET"]}}],"collection":[{"href":"https:\/\/usykarate.fr\/index.php\/wp-json\/wp\/v2\/posts"}],"about":[{"href":"https:\/\/usykarate.fr\/index.php\/wp-json\/wp\/v2\/types\/post"}],"author":[{"embeddable":true,"href":"https:\/\/usykarate.fr\/index.php\/wp-json\/wp\/v2\/users\/2"}],"replies":[{"embeddable":true,"href":"https:\/\/usykarate.fr\/index.php\/wp-json\/wp\/v2\/comments?post=619"}],"version-history":[{"count":1,"href":"https:\/\/usykarate.fr\/index.php\/wp-json\/wp\/v2\/posts\/619\/revisions"}],"predecessor-version":[{"id":626,"href":"https:\/\/usykarate.fr\/index.php\/wp-json\/wp\/v2\/posts\/619\/revisions\/626"}],"wp:featuredmedia":[{"embeddable":true,"href":"https:\/\/usykarate.fr\/index.php\/wp-json\/wp\/v2\/media\/627"}],"wp:attachment":[{"href":"https:\/\/usykarate.fr\/index.php\/wp-json\/wp\/v2\/media?parent=619"}],"wp:term":[{"taxonomy":"category","embeddable":true,"href":"https:\/\/usykarate.fr\/index.php\/wp-json\/wp\/v2\/categories?post=619"},{"taxonomy":"post_tag","embeddable":true,"href":"https:\/\/usykarate.fr\/index.php\/wp-json\/wp\/v2\/tags?post=619"}],"curies":[{"name":"wp","href":"https:\/\/api.w.org\/{rel}","templated":true}]}}